{"id":12125,"date":"2026-09-04T17:20:37","date_gmt":"2026-09-04T20:20:37","guid":{"rendered":"https:\/\/serrana.edu.py\/?p=12125"},"modified":"2026-09-04T17:20:52","modified_gmt":"2026-09-04T20:20:52","slug":"participacion-destacada-en-la-xx-jornada-de-comunicaciones-cientificas-en-cienciasde-la-salud-unne","status":"publish","type":"post","link":"https:\/\/serrana.edu.py\/br\/noticias\/participacion-destacada-en-la-xx-jornada-de-comunicaciones-cientificas-en-cienciasde-la-salud-unne\/","title":{"rendered":"Participaci\u00f3n destacada en la XX Jornada de Comunicaciones Cient\u00edficas en Cienciasde la Salud, UNNE"},"content":{"rendered":"<p>Orgullo institucional!<\/p>\n\n\n\n<p>Alumnos de la Carrera de Medicina participaron el pasado 21 de agosto en la XX Jornada de Comunicaciones Cient\u00edficas en Ciencias de la Salud de la Universidad Nacional del Nordeste (UNNE), en la categor\u00eda Proyectos de Investigaci\u00f3n Cient\u00edfica.<\/p>\n\n\n\n<p>Presentaron el trabajo \u00abFactores Ambientales Sociales y Econ\u00f3micos Asociados a la Parasitosis Infantil en una Comunidad de Referencia\u00bb, bajo la tutor\u00eda del Mg. Juan Escario, Coordinador del \u00c1rea de Investigaci\u00f3n de la Carrera de Medicina.<\/p>\n\n\n\n<p>Agradecemos especialmente al Dr. Pic\u00f3n y a todo el equipo de Direcci\u00f3n Acad\u00e9mica por el constante acompa\u00f1amiento y apoyo a la investigaci\u00f3n estudiantil.<\/p>\n\n\n\n<p>\u00a1Felicitaciones a nuestros alumnos por representar a la instituci\u00f3n con excelencia!<\/p>","protected":false},"excerpt":{"rendered":"<p>Orgullo institucional! Alumnos de la Carrera de Medicina participaron el pasado 21 de agosto en la XX Jornada de Comunicaciones Cient\u00edficas en Ciencias de la Salud de la Universidad Nacional [&hellip;]<\/p>\n","protected":false},"author":6,"featured_media":12127,"comment_status":"closed","ping_status":"closed","sticky":false,"template":"","format":"standard","meta":{"footnotes":""},"categories":[42,41,43,7],"tags":[],"class_list":["post-12125","post","type-post","status-publish","format-standard","has-post-thumbnail","hentry","category-extension","category-investigacion","category-medicina","category-noticias"],"yoast_head":"<!-- This site is optimized with the Yoast SEO plugin v28.1 - https:\/\/yoast.com\/product\/yoast-seo-wordpress\/ -->\n<title>Participaci\u00f3n destacada en la XX Jornada de Comunicaciones Cient\u00edficas en Cienciasde la Salud, UNNE - Universidad Mar\u00eda Serrana \u2013 Educaci\u00f3n superior en Paraguay<\/title>\n<meta name=\"robots\" content=\"index, follow, max-snippet:-1, max-image-preview:large, max-video-preview:-1\" \/>\n<link rel=\"canonical\" href=\"https:\/\/serrana.edu.py\/br\/noticias\/participacion-destacada-en-la-xx-jornada-de-comunicaciones-cientificas-en-cienciasde-la-salud-unne\/\" \/>\n<meta property=\"og:locale\" content=\"pt_BR\" \/>\n<meta property=\"og:type\" content=\"article\" \/>\n<meta property=\"og:title\" content=\"Participaci\u00f3n destacada en la XX Jornada de Comunicaciones Cient\u00edficas en Cienciasde la Salud, UNNE - Universidad Mar\u00eda Serrana \u2013 Educaci\u00f3n superior en Paraguay\" \/>\n<meta property=\"og:description\" content=\"Orgullo institucional! Alumnos de la Carrera de Medicina participaron el pasado 21 de agosto en la XX Jornada de Comunicaciones Cient\u00edficas en Ciencias de la Salud de la Universidad Nacional [&hellip;]\" \/>\n<meta property=\"og:url\" content=\"https:\/\/serrana.edu.py\/br\/noticias\/participacion-destacada-en-la-xx-jornada-de-comunicaciones-cientificas-en-cienciasde-la-salud-unne\/\" \/>\n<meta property=\"og:site_name\" content=\"Universidad Mar\u00eda Serrana \u2013 Educaci\u00f3n superior en Paraguay\" \/>\n<meta property=\"article:publisher\" content=\"https:\/\/es-es.facebook.com\/pages\/Serrana-Universidad-Pgina-Oficial\/539784436075441\" \/>\n<meta property=\"article:published_time\" content=\"2026-09-04T20:20:37+00:00\" \/>\n<meta property=\"article:modified_time\" content=\"2026-09-04T20:20:52+00:00\" \/>\n<meta property=\"og:image\" content=\"https:\/\/serrana.edu.py\/wp-content\/uploads\/2026\/09\/0-editable-2_Mesa-de-trabajo-1-copia-10-scaled.jpg\" \/>\n\t<meta property=\"og:image:width\" content=\"2048\" \/>\n\t<meta property=\"og:image:height\" content=\"2560\" \/>\n\t<meta property=\"og:image:type\" content=\"image\/jpeg\" \/>\n<meta name=\"author\" content=\"marketing\" \/>\n<meta name=\"twitter:card\" content=\"summary_large_image\" \/>\n<meta name=\"twitter:label1\" content=\"Escrito por\" \/>\n\t<meta name=\"twitter:data1\" content=\"marketing\" \/>\n\t<meta name=\"twitter:label2\" content=\"Est. tempo de leitura\" \/>\n\t<meta name=\"twitter:data2\" content=\"1 minuto\" \/>\n<script type=\"application\/ld+json\" class=\"yoast-schema-graph\">{\"@context\":\"https:\\\/\\\/schema.org\",\"@graph\":[{\"@type\":\"Article\",\"@id\":\"https:\\\/\\\/serrana.edu.py\\\/noticias\\\/participacion-destacada-en-la-xx-jornada-de-comunicaciones-cientificas-en-cienciasde-la-salud-unne\\\/#article\",\"isPartOf\":{\"@id\":\"https:\\\/\\\/serrana.edu.py\\\/noticias\\\/participacion-destacada-en-la-xx-jornada-de-comunicaciones-cientificas-en-cienciasde-la-salud-unne\\\/\"},\"author\":{\"name\":\"marketing\",\"@id\":\"https:\\\/\\\/serrana.edu.py\\\/#\\\/schema\\\/person\\\/908cc888cce0d105cbfa4ec2e1f3bd8b\"},\"headline\":\"Participaci\u00f3n destacada en la XX Jornada de Comunicaciones Cient\u00edficas en Cienciasde la Salud, UNNE\",\"datePublished\":\"2026-09-04T20:20:37+00:00\",\"dateModified\":\"2026-09-04T20:20:52+00:00\",\"mainEntityOfPage\":{\"@id\":\"https:\\\/\\\/serrana.edu.py\\\/noticias\\\/participacion-destacada-en-la-xx-jornada-de-comunicaciones-cientificas-en-cienciasde-la-salud-unne\\\/\"},\"wordCount\":137,\"image\":{\"@id\":\"https:\\\/\\\/serrana.edu.py\\\/noticias\\\/participacion-destacada-en-la-xx-jornada-de-comunicaciones-cientificas-en-cienciasde-la-salud-unne\\\/#primaryimage\"},\"thumbnailUrl\":\"https:\\\/\\\/serrana.edu.py\\\/wp-content\\\/uploads\\\/2026\\\/09\\\/0-editable-2_Mesa-de-trabajo-1-copia-10-scaled.jpg\",\"articleSection\":[\"Extensi\u00f3n\",\"Investigaci\u00f3n\",\"Medicina\",\"Noticias\"],\"inLanguage\":\"pt-BR\"},{\"@type\":\"WebPage\",\"@id\":\"https:\\\/\\\/serrana.edu.py\\\/noticias\\\/participacion-destacada-en-la-xx-jornada-de-comunicaciones-cientificas-en-cienciasde-la-salud-unne\\\/\",\"url\":\"https:\\\/\\\/serrana.edu.py\\\/noticias\\\/participacion-destacada-en-la-xx-jornada-de-comunicaciones-cientificas-en-cienciasde-la-salud-unne\\\/\",\"name\":\"Participaci\u00f3n destacada en la XX Jornada de Comunicaciones Cient\u00edficas en Cienciasde la Salud, UNNE - Universidad Mar\u00eda Serrana \u2013 Educaci\u00f3n superior en Paraguay\",\"isPartOf\":{\"@id\":\"https:\\\/\\\/serrana.edu.py\\\/#website\"},\"primaryImageOfPage\":{\"@id\":\"https:\\\/\\\/serrana.edu.py\\\/noticias\\\/participacion-destacada-en-la-xx-jornada-de-comunicaciones-cientificas-en-cienciasde-la-salud-unne\\\/#primaryimage\"},\"image\":{\"@id\":\"https:\\\/\\\/serrana.edu.py\\\/noticias\\\/participacion-destacada-en-la-xx-jornada-de-comunicaciones-cientificas-en-cienciasde-la-salud-unne\\\/#primaryimage\"},\"thumbnailUrl\":\"https:\\\/\\\/serrana.edu.py\\\/wp-content\\\/uploads\\\/2026\\\/09\\\/0-editable-2_Mesa-de-trabajo-1-copia-10-scaled.jpg\",\"datePublished\":\"2026-09-04T20:20:37+00:00\",\"dateModified\":\"2026-09-04T20:20:52+00:00\",\"author\":{\"@id\":\"https:\\\/\\\/serrana.edu.py\\\/#\\\/schema\\\/person\\\/908cc888cce0d105cbfa4ec2e1f3bd8b\"},\"breadcrumb\":{\"@id\":\"https:\\\/\\\/serrana.edu.py\\\/noticias\\\/participacion-destacada-en-la-xx-jornada-de-comunicaciones-cientificas-en-cienciasde-la-salud-unne\\\/#breadcrumb\"},\"inLanguage\":\"pt-BR\",\"potentialAction\":[{\"@type\":\"ReadAction\",\"target\":[\"https:\\\/\\\/serrana.edu.py\\\/noticias\\\/participacion-destacada-en-la-xx-jornada-de-comunicaciones-cientificas-en-cienciasde-la-salud-unne\\\/\"]}]},{\"@type\":\"ImageObject\",\"inLanguage\":\"pt-BR\",\"@id\":\"https:\\\/\\\/serrana.edu.py\\\/noticias\\\/participacion-destacada-en-la-xx-jornada-de-comunicaciones-cientificas-en-cienciasde-la-salud-unne\\\/#primaryimage\",\"url\":\"https:\\\/\\\/serrana.edu.py\\\/wp-content\\\/uploads\\\/2026\\\/09\\\/0-editable-2_Mesa-de-trabajo-1-copia-10-scaled.jpg\",\"contentUrl\":\"https:\\\/\\\/serrana.edu.py\\\/wp-content\\\/uploads\\\/2026\\\/09\\\/0-editable-2_Mesa-de-trabajo-1-copia-10-scaled.jpg\",\"width\":2048,\"height\":2560},{\"@type\":\"BreadcrumbList\",\"@id\":\"https:\\\/\\\/serrana.edu.py\\\/noticias\\\/participacion-destacada-en-la-xx-jornada-de-comunicaciones-cientificas-en-cienciasde-la-salud-unne\\\/#breadcrumb\",\"itemListElement\":[{\"@type\":\"ListItem\",\"position\":1,\"name\":\"Portada\",\"item\":\"https:\\\/\\\/serrana.edu.py\\\/\"},{\"@type\":\"ListItem\",\"position\":2,\"name\":\"Participaci\u00f3n destacada en la XX Jornada de Comunicaciones Cient\u00edficas en Cienciasde la Salud, UNNE\"}]},{\"@type\":\"WebSite\",\"@id\":\"https:\\\/\\\/serrana.edu.py\\\/#website\",\"url\":\"https:\\\/\\\/serrana.edu.py\\\/\",\"name\":\"Universidad Mar\u00eda Serrana \u2013 Educaci\u00f3n superior en Paraguay\",\"description\":\"Descubr\u00ed la Universidad Mar\u00eda Serrana: carreras de grado, postgrados y programas de excelencia acad\u00e9mica en Paraguay.\",\"potentialAction\":[{\"@type\":\"SearchAction\",\"target\":{\"@type\":\"EntryPoint\",\"urlTemplate\":\"https:\\\/\\\/serrana.edu.py\\\/?s={search_term_string}\"},\"query-input\":{\"@type\":\"PropertyValueSpecification\",\"valueRequired\":true,\"valueName\":\"search_term_string\"}}],\"inLanguage\":\"pt-BR\"},{\"@type\":\"Person\",\"@id\":\"https:\\\/\\\/serrana.edu.py\\\/#\\\/schema\\\/person\\\/908cc888cce0d105cbfa4ec2e1f3bd8b\",\"name\":\"marketing\",\"url\":\"https:\\\/\\\/serrana.edu.py\\\/br\\\/noticias\\\/author\\\/marketing\\\/\"}]}<\/script>\n<!-- \/ Yoast SEO plugin. -->","yoast_head_json":{"title":"Participaci\u00f3n destacada en la XX Jornada de Comunicaciones Cient\u00edficas en Cienciasde la Salud, UNNE - Universidad Mar\u00eda Serrana \u2013 Educaci\u00f3n superior en Paraguay","robots":{"index":"index","follow":"follow","max-snippet":"max-snippet:-1","max-image-preview":"max-image-preview:large","max-video-preview":"max-video-preview:-1"},"canonical":"https:\/\/serrana.edu.py\/br\/noticias\/participacion-destacada-en-la-xx-jornada-de-comunicaciones-cientificas-en-cienciasde-la-salud-unne\/","og_locale":"pt_BR","og_type":"article","og_title":"Participaci\u00f3n destacada en la XX Jornada de Comunicaciones Cient\u00edficas en Cienciasde la Salud, UNNE - Universidad Mar\u00eda Serrana \u2013 Educaci\u00f3n superior en Paraguay","og_description":"Orgullo institucional! Alumnos de la Carrera de Medicina participaron el pasado 21 de agosto en la XX Jornada de Comunicaciones Cient\u00edficas en Ciencias de la Salud de la Universidad Nacional [&hellip;]","og_url":"https:\/\/serrana.edu.py\/br\/noticias\/participacion-destacada-en-la-xx-jornada-de-comunicaciones-cientificas-en-cienciasde-la-salud-unne\/","og_site_name":"Universidad Mar\u00eda Serrana \u2013 Educaci\u00f3n superior en Paraguay","article_publisher":"https:\/\/es-es.facebook.com\/pages\/Serrana-Universidad-Pgina-Oficial\/539784436075441","article_published_time":"2026-09-04T20:20:37+00:00","article_modified_time":"2026-09-04T20:20:52+00:00","og_image":[{"width":2048,"height":2560,"url":"https:\/\/serrana.edu.py\/wp-content\/uploads\/2026\/09\/0-editable-2_Mesa-de-trabajo-1-copia-10-scaled.jpg","type":"image\/jpeg"}],"author":"marketing","twitter_card":"summary_large_image","twitter_misc":{"Escrito por":"marketing","Est. tempo de leitura":"1 minuto"},"schema":{"@context":"https:\/\/schema.org","@graph":[{"@type":"Article","@id":"https:\/\/serrana.edu.py\/noticias\/participacion-destacada-en-la-xx-jornada-de-comunicaciones-cientificas-en-cienciasde-la-salud-unne\/#article","isPartOf":{"@id":"https:\/\/serrana.edu.py\/noticias\/participacion-destacada-en-la-xx-jornada-de-comunicaciones-cientificas-en-cienciasde-la-salud-unne\/"},"author":{"name":"marketing","@id":"https:\/\/serrana.edu.py\/#\/schema\/person\/908cc888cce0d105cbfa4ec2e1f3bd8b"},"headline":"Participaci\u00f3n destacada en la XX Jornada de Comunicaciones Cient\u00edficas en Cienciasde la Salud, UNNE","datePublished":"2026-09-04T20:20:37+00:00","dateModified":"2026-09-04T20:20:52+00:00","mainEntityOfPage":{"@id":"https:\/\/serrana.edu.py\/noticias\/participacion-destacada-en-la-xx-jornada-de-comunicaciones-cientificas-en-cienciasde-la-salud-unne\/"},"wordCount":137,"image":{"@id":"https:\/\/serrana.edu.py\/noticias\/participacion-destacada-en-la-xx-jornada-de-comunicaciones-cientificas-en-cienciasde-la-salud-unne\/#primaryimage"},"thumbnailUrl":"https:\/\/serrana.edu.py\/wp-content\/uploads\/2026\/09\/0-editable-2_Mesa-de-trabajo-1-copia-10-scaled.jpg","articleSection":["Extensi\u00f3n","Investigaci\u00f3n","Medicina","Noticias"],"inLanguage":"pt-BR"},{"@type":"WebPage","@id":"https:\/\/serrana.edu.py\/noticias\/participacion-destacada-en-la-xx-jornada-de-comunicaciones-cientificas-en-cienciasde-la-salud-unne\/","url":"https:\/\/serrana.edu.py\/noticias\/participacion-destacada-en-la-xx-jornada-de-comunicaciones-cientificas-en-cienciasde-la-salud-unne\/","name":"Participaci\u00f3n destacada en la XX Jornada de Comunicaciones Cient\u00edficas en Cienciasde la Salud, UNNE - Universidad Mar\u00eda Serrana \u2013 Educaci\u00f3n superior en Paraguay","isPartOf":{"@id":"https:\/\/serrana.edu.py\/#website"},"primaryImageOfPage":{"@id":"https:\/\/serrana.edu.py\/noticias\/participacion-destacada-en-la-xx-jornada-de-comunicaciones-cientificas-en-cienciasde-la-salud-unne\/#primaryimage"},"image":{"@id":"https:\/\/serrana.edu.py\/noticias\/participacion-destacada-en-la-xx-jornada-de-comunicaciones-cientificas-en-cienciasde-la-salud-unne\/#primaryimage"},"thumbnailUrl":"https:\/\/serrana.edu.py\/wp-content\/uploads\/2026\/09\/0-editable-2_Mesa-de-trabajo-1-copia-10-scaled.jpg","datePublished":"2026-09-04T20:20:37+00:00","dateModified":"2026-09-04T20:20:52+00:00","author":{"@id":"https:\/\/serrana.edu.py\/#\/schema\/person\/908cc888cce0d105cbfa4ec2e1f3bd8b"},"breadcrumb":{"@id":"https:\/\/serrana.edu.py\/noticias\/participacion-destacada-en-la-xx-jornada-de-comunicaciones-cientificas-en-cienciasde-la-salud-unne\/#breadcrumb"},"inLanguage":"pt-BR","potentialAction":[{"@type":"ReadAction","target":["https:\/\/serrana.edu.py\/noticias\/participacion-destacada-en-la-xx-jornada-de-comunicaciones-cientificas-en-cienciasde-la-salud-unne\/"]}]},{"@type":"ImageObject","inLanguage":"pt-BR","@id":"https:\/\/serrana.edu.py\/noticias\/participacion-destacada-en-la-xx-jornada-de-comunicaciones-cientificas-en-cienciasde-la-salud-unne\/#primaryimage","url":"https:\/\/serrana.edu.py\/wp-content\/uploads\/2026\/09\/0-editable-2_Mesa-de-trabajo-1-copia-10-scaled.jpg","contentUrl":"https:\/\/serrana.edu.py\/wp-content\/uploads\/2026\/09\/0-editable-2_Mesa-de-trabajo-1-copia-10-scaled.jpg","width":2048,"height":2560},{"@type":"BreadcrumbList","@id":"https:\/\/serrana.edu.py\/noticias\/participacion-destacada-en-la-xx-jornada-de-comunicaciones-cientificas-en-cienciasde-la-salud-unne\/#breadcrumb","itemListElement":[{"@type":"ListItem","position":1,"name":"Portada","item":"https:\/\/serrana.edu.py\/"},{"@type":"ListItem","position":2,"name":"Participaci\u00f3n destacada en la XX Jornada de Comunicaciones Cient\u00edficas en Cienciasde la Salud, UNNE"}]},{"@type":"WebSite","@id":"https:\/\/serrana.edu.py\/#website","url":"https:\/\/serrana.edu.py\/","name":"Universidad Mar\u00eda Serrana \u2013 Educaci\u00f3n superior en Paraguay","description":"Descubr\u00ed la Universidad Mar\u00eda Serrana: carreras de grado, postgrados y programas de excelencia acad\u00e9mica en Paraguay.","potentialAction":[{"@type":"SearchAction","target":{"@type":"EntryPoint","urlTemplate":"https:\/\/serrana.edu.py\/?s={search_term_string}"},"query-input":{"@type":"PropertyValueSpecification","valueRequired":true,"valueName":"search_term_string"}}],"inLanguage":"pt-BR"},{"@type":"Person","@id":"https:\/\/serrana.edu.py\/#\/schema\/person\/908cc888cce0d105cbfa4ec2e1f3bd8b","name":"marketing","url":"https:\/\/serrana.edu.py\/br\/noticias\/author\/marketing\/"}]}},"_links":{"self":[{"href":"https:\/\/serrana.edu.py\/br\/wp-json\/wp\/v2\/posts\/12125","targetHints":{"allow":["GET"]}}],"collection":[{"href":"https:\/\/serrana.edu.py\/br\/wp-json\/wp\/v2\/posts"}],"about":[{"href":"https:\/\/serrana.edu.py\/br\/wp-json\/wp\/v2\/types\/post"}],"author":[{"embeddable":true,"href":"https:\/\/serrana.edu.py\/br\/wp-json\/wp\/v2\/users\/6"}],"replies":[{"embeddable":true,"href":"https:\/\/serrana.edu.py\/br\/wp-json\/wp\/v2\/comments?post=12125"}],"version-history":[{"count":2,"href":"https:\/\/serrana.edu.py\/br\/wp-json\/wp\/v2\/posts\/12125\/revisions"}],"predecessor-version":[{"id":12128,"href":"https:\/\/serrana.edu.py\/br\/wp-json\/wp\/v2\/posts\/12125\/revisions\/12128"}],"wp:featuredmedia":[{"embeddable":true,"href":"https:\/\/serrana.edu.py\/br\/wp-json\/wp\/v2\/media\/12127"}],"wp:attachment":[{"href":"https:\/\/serrana.edu.py\/br\/wp-json\/wp\/v2\/media?parent=12125"}],"wp:term":[{"taxonomy":"category","embeddable":true,"href":"https:\/\/serrana.edu.py\/br\/wp-json\/wp\/v2\/categories?post=12125"},{"taxonomy":"post_tag","embeddable":true,"href":"https:\/\/serrana.edu.py\/br\/wp-json\/wp\/v2\/tags?post=12125"}],"curies":[{"name":"wp","href":"https:\/\/api.w.org\/{rel}","templated":true}]}}